{"id":4982,"date":"2026-04-18T09:17:59","date_gmt":"2026-04-18T06:17:59","guid":{"rendered":"https:\/\/tume.fi\/soittokunta\/?p=4982"},"modified":"2026-04-18T09:17:59","modified_gmt":"2026-04-18T06:17:59","slug":"partioparaati-2026","status":"publish","type":"post","link":"https:\/\/tume.fi\/soittokunta\/partioparaati-2026\/","title":{"rendered":"Partioparaati 2026"},"content":{"rendered":"<p>Turun Mets\u00e4nk\u00e4vij\u00e4t marssivat j\u00e4lleen sunnuntaina 26.4. j\u00e4rjestett\u00e4v\u00e4ss\u00e4 perinteisess\u00e4 partioparaatissa. Paraati l\u00e4htee Tuomiokirkontorilta klo 14, ja marssireitti on seuraava:<\/p>\n<p>Tuomiokirkontori \u2013 Brahenpuisto kiert\u00e4en \u2013 Uudenmaankatu \u2013 Tuomiokirkkosilta \u2013 Aninkaistenkatu \u2013 Yliopistonkatu \u2013 Brahenkatu \u2013 Linnankatu \u2013 Kristiinankatu \u2013 L\u00e4ntinen Rantakatu \u2013 Teatterisilta \u2013 It\u00e4inen Rantakatu. Ohimarssipaikka sijaitsee Linnankadulla (Linnankatu 13) vastap\u00e4\u00e4t\u00e4 kaupungintalon puistikkoa v\u00e4h\u00e4n Aurakadun risteyksen j\u00e4lkeen.&nbsp;&nbsp;<\/p>\n<p>Soittokunta siirtyy Tuomiokirkon portailta fanfaarien soitannan j\u00e4lkeen Ohimarssipaikalle, jossa soitamme koko paraatin ajan.&nbsp;<\/p>\n<p>Tervetuloa seuraamaan perinteist\u00e4 partioparaatia!<\/p>\n<p><img loading=\"lazy\" decoding=\"async\" class=\"alignnone size-medium wp-image-4835\" src=\"https:\/\/tume.fi\/soittokunta\/wp-content\/uploads\/54498463974_789413172b_c-300x200.jpg\" alt=\"\" width=\"300\" height=\"200\" srcset=\"https:\/\/tume.fi\/soittokunta\/wp-content\/uploads\/54498463974_789413172b_c-300x200.jpg 300w, https:\/\/tume.fi\/soittokunta\/wp-content\/uploads\/54498463974_789413172b_c-768x512.jpg 768w, https:\/\/tume.fi\/soittokunta\/wp-content\/uploads\/54498463974_789413172b_c-386x257.jpg 386w, https:\/\/tume.fi\/soittokunta\/wp-content\/uploads\/54498463974_789413172b_c.jpg 799w\" sizes=\"auto, (max-width: 300px) 100vw, 300px\" \/><\/p>\n<p>&nbsp;<\/p>\n","protected":false},"excerpt":{"rendered":"<p>Turun Mets\u00e4nk\u00e4vij\u00e4t marssivat j\u00e4lleen sunnuntaina 26.4. j\u00e4rjestett\u00e4v\u00e4ss\u00e4 perinteisess\u00e4 partioparaatissa. Paraati l\u00e4htee Tuomiokirkontorilta klo 14, ja marssireitti on seuraava: Tuomiokirkontori \u2013 Brahenpuisto kiert\u00e4en \u2013 Uudenmaankatu \u2013 &hellip;<\/p>\n","protected":false},"author":9,"featured_media":4758,"comment_status":"closed","ping_status":"closed","sticky":false,"template":"","format":"standard","meta":{"ngg_post_thumbnail":0,"footnotes":""},"categories":[21,13],"tags":[],"class_list":["post-4982","post","type-post","status-publish","format-standard","has-post-thumbnail","hentry","category-ajankohtaista","category-esiintymiset"],"acf":[],"publishpress_future_action":{"enabled":false,"date":"2026-05-05 17:45:41","action":"change-status","newStatus":"draft","terms":[],"taxonomy":"category","extraData":[]},"publishpress_future_workflow_manual_trigger":{"enabledWorkflows":[]},"_links":{"self":[{"href":"https:\/\/tume.fi\/soittokunta\/wp-json\/wp\/v2\/posts\/4982","targetHints":{"allow":["GET"]}}],"collection":[{"href":"https:\/\/tume.fi\/soittokunta\/wp-json\/wp\/v2\/posts"}],"about":[{"href":"https:\/\/tume.fi\/soittokunta\/wp-json\/wp\/v2\/types\/post"}],"author":[{"embeddable":true,"href":"https:\/\/tume.fi\/soittokunta\/wp-json\/wp\/v2\/users\/9"}],"replies":[{"embeddable":true,"href":"https:\/\/tume.fi\/soittokunta\/wp-json\/wp\/v2\/comments?post=4982"}],"version-history":[{"count":1,"href":"https:\/\/tume.fi\/soittokunta\/wp-json\/wp\/v2\/posts\/4982\/revisions"}],"predecessor-version":[{"id":4983,"href":"https:\/\/tume.fi\/soittokunta\/wp-json\/wp\/v2\/posts\/4982\/revisions\/4983"}],"wp:featuredmedia":[{"embeddable":true,"href":"https:\/\/tume.fi\/soittokunta\/wp-json\/wp\/v2\/media\/4758"}],"wp:attachment":[{"href":"https:\/\/tume.fi\/soittokunta\/wp-json\/wp\/v2\/media?parent=4982"}],"wp:term":[{"taxonomy":"category","embeddable":true,"href":"https:\/\/tume.fi\/soittokunta\/wp-json\/wp\/v2\/categories?post=4982"},{"taxonomy":"post_tag","embeddable":true,"href":"https:\/\/tume.fi\/soittokunta\/wp-json\/wp\/v2\/tags?post=4982"}],"curies":[{"name":"wp","href":"https:\/\/api.w.org\/{rel}","templated":true}]}}